{"id":293,"date":"2020-11-27T16:46:43","date_gmt":"2020-11-27T16:46:43","guid":{"rendered":"https:\/\/www.pohjanviestikilta.fi\/?p=293"},"modified":"2021-02-15T13:02:50","modified_gmt":"2021-02-15T13:02:50","slug":"puheenjohtaja-esittaytyy","status":"publish","type":"post","link":"https:\/\/www.pohjanviestikilta.fi\/index.php\/2020\/11\/27\/puheenjohtaja-esittaytyy\/","title":{"rendered":"Puheenjohtaja esitt\u00e4ytyy"},"content":{"rendered":"\n<p>Sain kunnian astua suuriin saappaisiin Juhani Peltoluoman tilalle vuoden alusta. Alku kankeuksien ja haasteiden j\u00e4lkeen Pohjan Viestikilta toimii eritt\u00e4in aktiivisesti. Osa jengist\u00e4 k\u00e4y yhteislenkeill\u00e4 joka lauantai (tervetuloa mukaan!). Lenkki suoritetaan 95 % varmuudella Toppilansaaressa, mutta poikkeuksiakin on. Paikka ilmoitetaan t\u00e4\u00e4ll\u00e4 nettisivuillamme aina etuk\u00e4teen.<\/p>\n\n\n\n<p><strong>Itse asiaan:<\/strong><\/p>\n\n\n\n<p>Nimeni on Juhani Matila, olen koulutukseltani sotatieteiden kandidaatti(90. KadK) ja filosofian maisteri sek\u00e4 vakuutusmeklari. Ik\u00e4\u00e4 minulla on 39 vuotta. Sotilasarvoni on yliluutnantti. Olen palvellut Puolustusvoimissa vv. 2002 &#8211; 2012 p\u00e4\u00e4osin Kainuun prikaatissa, Pohjois-Suomen Viestipataljoonan 2. Viestikomppaniassa. Viimeisin teht\u00e4v\u00e4ni oli viestialiupseerikurssin viestilinjan johtaja. 2013 l\u00e4htien olen toiminut sek\u00e4 myynti-, ett\u00e4 vakuutusalalla. Olen yksi Brokerlink Oy:n p\u00e4\u00e4osakkaista. Ty\u00f6ss\u00e4ni kilpailutan ja hoidan yritysasiakkaiden vakuutuksia.<\/p>\n\n\n\n<figure class=\"wp-block-image size-large is-resized\"><img loading=\"lazy\" decoding=\"async\" src=\"https:\/\/www.pohjanviestikilta.fi\/wp-content\/uploads\/2020\/11\/kuva2.jpg\" alt=\"\" class=\"wp-image-295\" width=\"267\" height=\"334\"\/><figcaption>Kuvassa nuorukainen LV665 kimpussa Santahaminan luonnon kauniilla saarella. S\u00e4hk\u00f6tystasot saattaa olla viel\u00e4 60\/60.<\/figcaption><\/figure>\n\n\n\n<p>Harrastan liikuntaa, k\u00e4yn Hukassa salilla l\u00e4hes joka aamu, harjoittelin 2 vuotta palomiespunnerrusta ennen kuin sain edes yhden suorituksen, siin\u00e4 teille arvon kiltalaiset haastetta \ud83d\ude09 My\u00f6s ammunta on l\u00e4hell\u00e4 syd\u00e4nt\u00e4 ja killalla on omat ampumaratavuorot joka kuukaudelle. N\u00e4ihin ammuntoihin saa tulla kuka tahansa mukaan, taitotasosta riippumatta. Ammunnat suoritetaan ampujien osaamistaso huomioiden ja turvallisuus k\u00e4rjess\u00e4. Ammunnat ei ole perinteisi\u00e4 makuulta, pystyst\u00e4 ja polvelta, vaan enemm\u00e4n taktiseen suuntaan (SRA) menevi\u00e4. Ammunnoissa pyrit\u00e4\u00e4n mahdollisuuksien mukaan k\u00e4ytt\u00e4m\u00e4\u00e4n arjenv\u00e4lineit\u00e4 kommunikoinnissa, eli juuri niit\u00e4 v\u00e4lineit\u00e4, joita valtaosa kentt\u00e4armeijasta k\u00e4ytt\u00e4\u00e4 kovassa tilanteessa ja jo paljon ennen kuin tilanne eskaloituu kansainv\u00e4lisiksi kovapanosammunnoiksi.<\/p>\n\n\n\n<p>Tavoitteeni on uudistaa kiltaa siten, ett\u00e4 toiminta olisi kiinte\u00e4mp\u00e4\u00e4 ja kokonaismaanpuolustuksen tarpeita palvelevaa. Emme keskity pelk\u00e4st\u00e4\u00e4n radiohin ja kentt\u00e4puhelimiin KSL:st\u00e4 puhumattakaan.<\/p>\n\n\n\n<p>Toivon ett\u00e4 saisin tavata jokaisen kiltalaisen joskus ihan kasvotusten ja toivon mukaan kaiken ik\u00e4isi\u00e4 ihmisi\u00e4. Meill\u00e4 on v\u00e4hint\u00e4\u00e4n 2 kertaa vuodessa illanistujaiset joissa on hyv\u00e4 tutustua toisiimme.<\/p>\n\n\n\n<p>Jos et ole viel\u00e4 killan j\u00e4sen, t\u00e4yt\u00e4p\u00e4 j\u00e4senhakemus ja tule toimintaan mukaan!<\/p>\n\n\n\n<p><\/p>\n\n\n\n<p>Terveisin,<\/p>\n\n\n\n<p>Pj Juhani Matila<\/p>\n\n\n\n<figure class=\"wp-block-image size-large is-resized\"><img loading=\"lazy\" decoding=\"async\" src=\"https:\/\/www.pohjanviestikilta.fi\/wp-content\/uploads\/2020\/11\/kuva-819x1024.jpg\" alt=\"Puheenjohtaja rentoutumassa\" class=\"wp-image-294\" width=\"279\" height=\"349\" srcset=\"https:\/\/www.pohjanviestikilta.fi\/wp-content\/uploads\/2020\/11\/kuva-819x1024.jpg 819w, https:\/\/www.pohjanviestikilta.fi\/wp-content\/uploads\/2020\/11\/kuva-240x300.jpg 240w, https:\/\/www.pohjanviestikilta.fi\/wp-content\/uploads\/2020\/11\/kuva-768x960.jpg 768w, https:\/\/www.pohjanviestikilta.fi\/wp-content\/uploads\/2020\/11\/kuva-1229x1536.jpg 1229w, https:\/\/www.pohjanviestikilta.fi\/wp-content\/uploads\/2020\/11\/kuva-1638x2048.jpg 1638w, https:\/\/www.pohjanviestikilta.fi\/wp-content\/uploads\/2020\/11\/kuva-scaled.jpg 2048w\" sizes=\"auto, (max-width: 279px) 100vw, 279px\" \/><\/figure>\n","protected":false},"excerpt":{"rendered":"<p>Sain kunnian astua suuriin saappaisiin Juhani Peltoluoman tilalle vuoden alusta. Alku kankeuksien ja haasteiden j\u00e4lkeen Pohjan Viestikilta toimii eritt\u00e4in aktiivisesti. Osa jengist\u00e4 k\u00e4y yhteislenkeill\u00e4 joka lauantai (tervetuloa mukaan!). Lenkki suoritetaan 95 % varmuudella Toppilansaaressa, mutta poikkeuksiakin on. Paikka ilmoitetaan t\u00e4\u00e4ll\u00e4 nettisivuillamme aina etuk\u00e4teen. Itse asiaan: Nimeni on Juhani Matila, olen koulutukseltani sotatieteiden kandidaatti(90. KadK) ja [&hellip;]<\/p>\n","protected":false},"author":2,"featured_media":297,"comment_status":"open","ping_status":"open","sticky":false,"template":"","format":"standard","meta":{"footnotes":""},"categories":[30],"tags":[9,12,5,10,6,14,13,11],"class_list":["post-293","post","type-post","status-publish","format-standard","has-post-thumbnail","hentry","category-pvk-yleiset","tag-juhanimatila","tag-kadettiupseeri","tag-maanpuolustus","tag-matila","tag-pohjanviestikilta","tag-puheenjohtaja","tag-sissiradisti","tag-upseeri"],"_links":{"self":[{"href":"https:\/\/www.pohjanviestikilta.fi\/index.php\/wp-json\/wp\/v2\/posts\/293","targetHints":{"allow":["GET"]}}],"collection":[{"href":"https:\/\/www.pohjanviestikilta.fi\/index.php\/wp-json\/wp\/v2\/posts"}],"about":[{"href":"https:\/\/www.pohjanviestikilta.fi\/index.php\/wp-json\/wp\/v2\/types\/post"}],"author":[{"embeddable":true,"href":"https:\/\/www.pohjanviestikilta.fi\/index.php\/wp-json\/wp\/v2\/users\/2"}],"replies":[{"embeddable":true,"href":"https:\/\/www.pohjanviestikilta.fi\/index.php\/wp-json\/wp\/v2\/comments?post=293"}],"version-history":[{"count":3,"href":"https:\/\/www.pohjanviestikilta.fi\/index.php\/wp-json\/wp\/v2\/posts\/293\/revisions"}],"predecessor-version":[{"id":301,"href":"https:\/\/www.pohjanviestikilta.fi\/index.php\/wp-json\/wp\/v2\/posts\/293\/revisions\/301"}],"wp:featuredmedia":[{"embeddable":true,"href":"https:\/\/www.pohjanviestikilta.fi\/index.php\/wp-json\/wp\/v2\/media\/297"}],"wp:attachment":[{"href":"https:\/\/www.pohjanviestikilta.fi\/index.php\/wp-json\/wp\/v2\/media?parent=293"}],"wp:term":[{"taxonomy":"category","embeddable":true,"href":"https:\/\/www.pohjanviestikilta.fi\/index.php\/wp-json\/wp\/v2\/categories?post=293"},{"taxonomy":"post_tag","embeddable":true,"href":"https:\/\/www.pohjanviestikilta.fi\/index.php\/wp-json\/wp\/v2\/tags?post=293"}],"curies":[{"name":"wp","href":"https:\/\/api.w.org\/{rel}","templated":true}]}}