{"id":537,"date":"2022-09-02T10:02:22","date_gmt":"2022-09-02T10:02:22","guid":{"rendered":"https:\/\/www.pohjanviestikilta.fi\/?p=537"},"modified":"2022-11-28T15:03:07","modified_gmt":"2022-11-28T15:03:07","slug":"pohjan-viestikilta-ry-sotilasradioamatooriasema-oi8vk-tapahtumaraportti-sral-kesaleiri-tammelassa","status":"publish","type":"post","link":"https:\/\/www.pohjanviestikilta.fi\/index.php\/2022\/09\/02\/pohjan-viestikilta-ry-sotilasradioamatooriasema-oi8vk-tapahtumaraportti-sral-kesaleiri-tammelassa\/","title":{"rendered":"Pohjan Viestikilta ry sotilasradioamat\u00f6\u00f6riasema OI8VK Tapahtumaraportti, SRAL kes\u00e4leiri Tammelassa"},"content":{"rendered":"\n<p>Pohjan Viestikilta ry:n sotilasradioamat\u00f6\u00f6riasema OI8VK perustettiin Suomen Radioamat\u00f6\u00f6riliiton 101 vuotis juhlakes\u00e4leirille Tammelaan, Eerikkil\u00e4n urheiluopiston alueelle 14 -17.7.2022.<\/p>\n\n\n\n<p><br>Asemakokonaisuuden siirtyminen Oulusta toiminta-alueelle tapahtui keskiviikon ja torstain v\u00e4lisen\u00e4 y\u00f6n\u00e4 648 kilometrin pituisena moottorimarssina halki keskisen Suomen. Sotilasradioamat\u00f6\u00f6riasemamme oli k\u00e4ytt\u00f6valmiudessa torstaip\u00e4iv\u00e4st\u00e4 lauantai-iltaan saakka. Kalustona oli kaksi LV407 asemakokonaisuutta. Toinen asemakokonaisuus oli sijoitettuna puolikiinte\u00e4sti majoitusalueelle ja toinen liikkuvana asemakokonaisuutena<\/p>\n\n\n\n<figure class=\"wp-block-gallery has-nested-images columns-default is-cropped wp-block-gallery-1 is-layout-flex wp-block-gallery-is-layout-flex\">\n<figure class=\"wp-block-image size-large\"><img loading=\"lazy\" decoding=\"async\" width=\"467\" height=\"251\" data-id=\"539\" src=\"https:\/\/www.pohjanviestikilta.fi\/wp-content\/uploads\/2022\/09\/IMG_20220715_084312-e1662112892665.jpg\" alt=\"\" class=\"wp-image-539\" srcset=\"https:\/\/www.pohjanviestikilta.fi\/wp-content\/uploads\/2022\/09\/IMG_20220715_084312-e1662112892665.jpg 467w, https:\/\/www.pohjanviestikilta.fi\/wp-content\/uploads\/2022\/09\/IMG_20220715_084312-e1662112892665-300x161.jpg 300w\" sizes=\"auto, (max-width: 467px) 100vw, 467px\" \/><\/figure>\n\n\n\n<figure class=\"wp-block-image size-large\"><img loading=\"lazy\" decoding=\"async\" width=\"1024\" height=\"768\" data-id=\"540\" src=\"https:\/\/www.pohjanviestikilta.fi\/wp-content\/uploads\/2022\/09\/IMG_20220715_110628.jpg\" alt=\"\" class=\"wp-image-540\" srcset=\"https:\/\/www.pohjanviestikilta.fi\/wp-content\/uploads\/2022\/09\/IMG_20220715_110628.jpg 1024w, https:\/\/www.pohjanviestikilta.fi\/wp-content\/uploads\/2022\/09\/IMG_20220715_110628-300x225.jpg 300w, https:\/\/www.pohjanviestikilta.fi\/wp-content\/uploads\/2022\/09\/IMG_20220715_110628-768x576.jpg 768w\" sizes=\"auto, (max-width: 1024px) 100vw, 1024px\" \/><\/figure>\n\n\n\n<figure class=\"wp-block-image size-large\"><img loading=\"lazy\" decoding=\"async\" width=\"1024\" height=\"768\" data-id=\"541\" src=\"https:\/\/www.pohjanviestikilta.fi\/wp-content\/uploads\/2022\/09\/IMG-20220731-WA0001-1024x768.jpg\" alt=\"\" class=\"wp-image-541\" srcset=\"https:\/\/www.pohjanviestikilta.fi\/wp-content\/uploads\/2022\/09\/IMG-20220731-WA0001-1024x768.jpg 1024w, https:\/\/www.pohjanviestikilta.fi\/wp-content\/uploads\/2022\/09\/IMG-20220731-WA0001-300x225.jpg 300w, https:\/\/www.pohjanviestikilta.fi\/wp-content\/uploads\/2022\/09\/IMG-20220731-WA0001-768x576.jpg 768w, https:\/\/www.pohjanviestikilta.fi\/wp-content\/uploads\/2022\/09\/IMG-20220731-WA0001-1536x1152.jpg 1536w, https:\/\/www.pohjanviestikilta.fi\/wp-content\/uploads\/2022\/09\/IMG-20220731-WA0001.jpg 2000w\" sizes=\"auto, (max-width: 1024px) 100vw, 1024px\" \/><\/figure>\n\n\n\n<figure class=\"wp-block-image size-large\"><img loading=\"lazy\" decoding=\"async\" width=\"621\" height=\"1024\" data-id=\"542\" src=\"https:\/\/www.pohjanviestikilta.fi\/wp-content\/uploads\/2022\/09\/IMG-20220731-WA0002-621x1024.jpg\" alt=\"\" class=\"wp-image-542\" srcset=\"https:\/\/www.pohjanviestikilta.fi\/wp-content\/uploads\/2022\/09\/IMG-20220731-WA0002-621x1024.jpg 621w, https:\/\/www.pohjanviestikilta.fi\/wp-content\/uploads\/2022\/09\/IMG-20220731-WA0002-182x300.jpg 182w, https:\/\/www.pohjanviestikilta.fi\/wp-content\/uploads\/2022\/09\/IMG-20220731-WA0002-768x1266.jpg 768w, https:\/\/www.pohjanviestikilta.fi\/wp-content\/uploads\/2022\/09\/IMG-20220731-WA0002-932x1536.jpg 932w, https:\/\/www.pohjanviestikilta.fi\/wp-content\/uploads\/2022\/09\/IMG-20220731-WA0002.jpg 1014w\" sizes=\"auto, (max-width: 621px) 100vw, 621px\" \/><\/figure>\n\n\n\n<figure class=\"wp-block-image size-large\"><img loading=\"lazy\" decoding=\"async\" width=\"727\" height=\"1024\" data-id=\"543\" src=\"https:\/\/www.pohjanviestikilta.fi\/wp-content\/uploads\/2022\/09\/IMG-20220731-WA0003-1-727x1024.jpg\" alt=\"\" class=\"wp-image-543\" srcset=\"https:\/\/www.pohjanviestikilta.fi\/wp-content\/uploads\/2022\/09\/IMG-20220731-WA0003-1-727x1024.jpg 727w, https:\/\/www.pohjanviestikilta.fi\/wp-content\/uploads\/2022\/09\/IMG-20220731-WA0003-1-213x300.jpg 213w, https:\/\/www.pohjanviestikilta.fi\/wp-content\/uploads\/2022\/09\/IMG-20220731-WA0003-1-768x1082.jpg 768w, https:\/\/www.pohjanviestikilta.fi\/wp-content\/uploads\/2022\/09\/IMG-20220731-WA0003-1-1091x1536.jpg 1091w, https:\/\/www.pohjanviestikilta.fi\/wp-content\/uploads\/2022\/09\/IMG-20220731-WA0003-1.jpg 1136w\" sizes=\"auto, (max-width: 727px) 100vw, 727px\" \/><\/figure>\n<\/figure>\n\n\n\n<p><strong>Kuvissa mm.: OI8VK viestiasema ja taktinen j\u00e4\u00e4kaappi elint\u00e4rkeiden elintarvikkeiden s\u00e4ilytt\u00e4mist\u00e4 varten ja OI8VK\/P tiedustelupartio liikkeell\u00e4. Ajoittain oli liikkeell\u00e4 my\u00f6s polkupy\u00f6r\u00e4ll\u00e4 liikkuva LV407 asema.<\/strong><\/p>\n\n\n\n<p>Tapahtuman aikana pidettiin lukuisia sotilasradioamat\u00f6\u00f6riyhteyksi\u00e4 l\u00e4hialueen muihin<br>sotilasradioamat\u00f6\u00f6riasemiin sek\u00e4 tavallisiin radioamat\u00f6\u00f6riasemiin 3,5 MHz taajuusalueella. OI8VK liikkuva<br>sotilasradioamat\u00f6\u00f6riasema sai tapahtumassa my\u00f6s youtube n\u00e4kyvyytt\u00e4. OI8VK oli edustettuna my\u00f6s<br>tapahtumassa pidettyyn OI-tapaamiseen, jossa oli edustettuna lukuisia OI-sotilasradioamat\u00f6\u00f6riasemia.<br>Asemakokonaisuuden siirtyminen toiminta-alueelta tapahtui 654 kilometrin pituisena moottorimarssina<br>takaisin Ouluun sunnuntaip\u00e4iv\u00e4n aikana.<br><\/p>\n\n\n\n<p>OI8VK sotilasradioamat\u00f6\u00f6riaseman osalta tapahtumaan osallistuivat Jaakko Kiuttu OH8FCK ja Timo Toratti<br>OH9MBS.<\/p>\n","protected":false},"excerpt":{"rendered":"<p>Pohjan Viestikilta ry:n sotilasradioamat\u00f6\u00f6riasema OI8VK perustettiin Suomen Radioamat\u00f6\u00f6riliiton 101 vuotis juhlakes\u00e4leirille Tammelaan, Eerikkil\u00e4n urheiluopiston alueelle 14 -17.7.2022. Asemakokonaisuuden siirtyminen Oulusta toiminta-alueelle tapahtui keskiviikon ja torstain v\u00e4lisen\u00e4 y\u00f6n\u00e4 648 kilometrin pituisena moottorimarssina halki keskisen Suomen. Sotilasradioamat\u00f6\u00f6riasemamme oli k\u00e4ytt\u00f6valmiudessa torstaip\u00e4iv\u00e4st\u00e4 lauantai-iltaan saakka. Kalustona oli kaksi LV407 asemakokonaisuutta. Toinen asemakokonaisuus oli sijoitettuna puolikiinte\u00e4sti majoitusalueelle ja toinen liikkuvana asemakokonaisuutena [&hellip;]<\/p>\n","protected":false},"author":2,"featured_media":539,"comment_status":"open","ping_status":"open","sticky":false,"template":"","format":"standard","meta":{"footnotes":""},"categories":[29],"tags":[5,47,6,27,49,26,48,50],"class_list":["post-537","post","type-post","status-publish","format-standard","has-post-thumbnail","hentry","category-sotilasradioamatooritoiminta","tag-maanpuolustus","tag-oi8vk","tag-pohjanviestikilta","tag-radioamatoori","tag-radioamatooriliitto","tag-sotilasradioamatoori","tag-sral","tag-vapaaehtoinenmaanpuolustus"],"_links":{"self":[{"href":"https:\/\/www.pohjanviestikilta.fi\/index.php\/wp-json\/wp\/v2\/posts\/537","targetHints":{"allow":["GET"]}}],"collection":[{"href":"https:\/\/www.pohjanviestikilta.fi\/index.php\/wp-json\/wp\/v2\/posts"}],"about":[{"href":"https:\/\/www.pohjanviestikilta.fi\/index.php\/wp-json\/wp\/v2\/types\/post"}],"author":[{"embeddable":true,"href":"https:\/\/www.pohjanviestikilta.fi\/index.php\/wp-json\/wp\/v2\/users\/2"}],"replies":[{"embeddable":true,"href":"https:\/\/www.pohjanviestikilta.fi\/index.php\/wp-json\/wp\/v2\/comments?post=537"}],"version-history":[{"count":2,"href":"https:\/\/www.pohjanviestikilta.fi\/index.php\/wp-json\/wp\/v2\/posts\/537\/revisions"}],"predecessor-version":[{"id":648,"href":"https:\/\/www.pohjanviestikilta.fi\/index.php\/wp-json\/wp\/v2\/posts\/537\/revisions\/648"}],"wp:featuredmedia":[{"embeddable":true,"href":"https:\/\/www.pohjanviestikilta.fi\/index.php\/wp-json\/wp\/v2\/media\/539"}],"wp:attachment":[{"href":"https:\/\/www.pohjanviestikilta.fi\/index.php\/wp-json\/wp\/v2\/media?parent=537"}],"wp:term":[{"taxonomy":"category","embeddable":true,"href":"https:\/\/www.pohjanviestikilta.fi\/index.php\/wp-json\/wp\/v2\/categories?post=537"},{"taxonomy":"post_tag","embeddable":true,"href":"https:\/\/www.pohjanviestikilta.fi\/index.php\/wp-json\/wp\/v2\/tags?post=537"}],"curies":[{"name":"wp","href":"https:\/\/api.w.org\/{rel}","templated":true}]}}