{"id":784,"date":"2023-11-05T15:23:00","date_gmt":"2023-11-05T15:23:00","guid":{"rendered":"https:\/\/www.pohjanviestikilta.fi\/?p=784"},"modified":"2023-11-15T15:07:41","modified_gmt":"2023-11-15T15:07:41","slug":"syyskokous-17-11-2023","status":"publish","type":"post","link":"https:\/\/www.pohjanviestikilta.fi\/index.php\/2023\/11\/05\/syyskokous-17-11-2023\/","title":{"rendered":"Syyskokous 17.11.2023 PERUTTU"},"content":{"rendered":"\n<p><s>Killan syyskokous pidet\u00e4\u00e4n 17.11.2023 kello 18.00. Kokouksessa k\u00e4sitell\u00e4\u00e4n s\u00e4\u00e4nt\u00f6m\u00e4\u00e4r\u00e4iset asiat. Ohessa linkki Teams-kokoukseen.<\/s> T\u00e4m\u00e4 kokous on peruttu, uusi ajankohta ilmoitetaan my\u00f6hemmin.<\/p>\n","protected":false},"excerpt":{"rendered":"<p>Killan syyskokous pidet\u00e4\u00e4n 17.11.2023 kello 18.00. Kokouksessa k\u00e4sitell\u00e4\u00e4n s\u00e4\u00e4nt\u00f6m\u00e4\u00e4r\u00e4iset asiat. Ohessa linkki Teams-kokoukseen. T\u00e4m\u00e4 kokous on peruttu, uusi ajankohta ilmoitetaan my\u00f6hemmin.<\/p>\n","protected":false},"author":6,"featured_media":0,"comment_status":"open","ping_status":"open","sticky":false,"template":"","format":"standard","meta":{"footnotes":""},"categories":[30],"tags":[],"class_list":["post-784","post","type-post","status-publish","format-standard","hentry","category-pvk-yleiset"],"_links":{"self":[{"href":"https:\/\/www.pohjanviestikilta.fi\/index.php\/wp-json\/wp\/v2\/posts\/784","targetHints":{"allow":["GET"]}}],"collection":[{"href":"https:\/\/www.pohjanviestikilta.fi\/index.php\/wp-json\/wp\/v2\/posts"}],"about":[{"href":"https:\/\/www.pohjanviestikilta.fi\/index.php\/wp-json\/wp\/v2\/types\/post"}],"author":[{"embeddable":true,"href":"https:\/\/www.pohjanviestikilta.fi\/index.php\/wp-json\/wp\/v2\/users\/6"}],"replies":[{"embeddable":true,"href":"https:\/\/www.pohjanviestikilta.fi\/index.php\/wp-json\/wp\/v2\/comments?post=784"}],"version-history":[{"count":2,"href":"https:\/\/www.pohjanviestikilta.fi\/index.php\/wp-json\/wp\/v2\/posts\/784\/revisions"}],"predecessor-version":[{"id":788,"href":"https:\/\/www.pohjanviestikilta.fi\/index.php\/wp-json\/wp\/v2\/posts\/784\/revisions\/788"}],"wp:attachment":[{"href":"https:\/\/www.pohjanviestikilta.fi\/index.php\/wp-json\/wp\/v2\/media?parent=784"}],"wp:term":[{"taxonomy":"category","embeddable":true,"href":"https:\/\/www.pohjanviestikilta.fi\/index.php\/wp-json\/wp\/v2\/categories?post=784"},{"taxonomy":"post_tag","embeddable":true,"href":"https:\/\/www.pohjanviestikilta.fi\/index.php\/wp-json\/wp\/v2\/tags?post=784"}],"curies":[{"name":"wp","href":"https:\/\/api.w.org\/{rel}","templated":true}]}}